{"id":12452,"date":"2021-08-19T12:09:31","date_gmt":"2021-08-19T10:09:31","guid":{"rendered":"https:\/\/champagne-verlet.com\/?p=12452"},"modified":"2024-08-03T18:14:14","modified_gmt":"2024-08-03T16:14:14","slug":"nouvel-article-2","status":"publish","type":"post","link":"https:\/\/champagne-verlet.com\/index.php\/2021\/08\/19\/nouvel-article-2\/","title":{"rendered":"Salons Automne 2024"},"content":{"rendered":"<p>Nos d\u00e9placements pr\u00e9vus sur cette fin d&rsquo;ann\u00e9e s&rsquo;organisent&#8230; Le mois de novembre se charge et sera bien intense pour nous&#8230; encore un peu plus que les ann\u00e9es pr\u00e9c\u00e9dentes&#8230; En plus des salons habituels, c&rsquo;est avec grand plaisir que nous vous annon\u00e7ons \u00e9galement notre pr\u00e9sence en Savoie avec notre participation au salon Saveurs et Terroirs de Chamb\u00e9ry !<\/p>\n<p>Voici la liste compl\u00e8te des \u00e9v\u00e8nements o\u00f9 nous retrouver avant les f\u00eates de fin d&rsquo;ann\u00e9e :<\/p>\n<ul>\n<li><strong>TOULOUSE<\/strong> &#8211; MEETT (31) : Salon Vins et Terroirs du vendredi 1er au dimanche 3 novembre 2024<\/li>\n<li><strong>THONON-LES-BAINS<\/strong> &#8211; Espace Tully (74) : Salon Vinifrance du vendredi 8 au dimanche 10 novembre 2024<\/li>\n<li><strong>BOURG EN BRESSE<\/strong> &#8211; Ainterexpo (01) : Salon de la Gastronomie du vendredi 8 au lundi 11 novembre 2024<\/li>\n<li><strong>CHAMBERY<\/strong> &#8211; Parc des Expositions (73) : Salon Saveurs et Terroirs du vendredi 22 au dimanche 24 novembre 2024<\/li>\n<li><strong>MARSEILLE<\/strong> &#8211; Parc Chanot (13) : Salon des Vignerons et de la Gastronomie SAVIM du vendredi 22 au lundi 25 novembre 2024<\/li>\n<li><strong>RUEIL-MALMAISON<\/strong> &#8211; Hippodrome Saint-Cloud (92) : Salon du Terroir du vendredi 29 novembre au dimanche 1er d\u00e9cembre 2024<\/li>\n<\/ul>\n<p>N&rsquo;h\u00e9sitez pas \u00e0 nous contacter pour toute pr\u00e9cision ou demande d&rsquo;invitation.<\/p>\n<p>A bient\u00f4t&#8230; !<\/p>\n<p>Franck et C\u00e9lia<\/p>\n","protected":false},"excerpt":{"rendered":"<p>Nos d\u00e9placements pr\u00e9vus sur cette fin d&rsquo;ann\u00e9e s&rsquo;organisent&#8230; Le mois de novembre se charge et sera bien intense pour nous&#8230; encore un peu plus que les ann\u00e9es pr\u00e9c\u00e9dentes&#8230; En plus des salons habituels, c&rsquo;est avec grand plaisir que nous vous annon\u00e7ons \u00e9galement notre pr\u00e9sence en Savoie avec notre participation au salon Saveurs et Terroirs de Chamb\u00e9ry ! Voici la liste compl\u00e8te des \u00e9v\u00e8nements o\u00f9 nous retrouver avant les f\u00eates de fin d&rsquo;ann\u00e9e : TOULOUSE &#8211; MEETT (31) : Salon Vins [&hellip;]<\/p>\n","protected":false},"author":2,"featured_media":12189,"comment_status":"closed","ping_status":"closed","sticky":false,"template":"","format":"standard","meta":{"footnotes":""},"categories":[1],"tags":[],"class_list":["post-12452","post","type-post","status-publish","format-standard","has-post-thumbnail","hentry","category-non-classe"],"_links":{"self":[{"href":"https:\/\/champagne-verlet.com\/index.php\/wp-json\/wp\/v2\/posts\/12452","targetHints":{"allow":["GET"]}}],"collection":[{"href":"https:\/\/champagne-verlet.com\/index.php\/wp-json\/wp\/v2\/posts"}],"about":[{"href":"https:\/\/champagne-verlet.com\/index.php\/wp-json\/wp\/v2\/types\/post"}],"author":[{"embeddable":true,"href":"https:\/\/champagne-verlet.com\/index.php\/wp-json\/wp\/v2\/users\/2"}],"replies":[{"embeddable":true,"href":"https:\/\/champagne-verlet.com\/index.php\/wp-json\/wp\/v2\/comments?post=12452"}],"version-history":[{"count":13,"href":"https:\/\/champagne-verlet.com\/index.php\/wp-json\/wp\/v2\/posts\/12452\/revisions"}],"predecessor-version":[{"id":12684,"href":"https:\/\/champagne-verlet.com\/index.php\/wp-json\/wp\/v2\/posts\/12452\/revisions\/12684"}],"wp:featuredmedia":[{"embeddable":true,"href":"https:\/\/champagne-verlet.com\/index.php\/wp-json\/wp\/v2\/media\/12189"}],"wp:attachment":[{"href":"https:\/\/champagne-verlet.com\/index.php\/wp-json\/wp\/v2\/media?parent=12452"}],"wp:term":[{"taxonomy":"category","embeddable":true,"href":"https:\/\/champagne-verlet.com\/index.php\/wp-json\/wp\/v2\/categories?post=12452"},{"taxonomy":"post_tag","embeddable":true,"href":"https:\/\/champagne-verlet.com\/index.php\/wp-json\/wp\/v2\/tags?post=12452"}],"curies":[{"name":"wp","href":"https:\/\/api.w.org\/{rel}","templated":true}]}}